{"id":6032,"date":"2018-03-13T08:00:38","date_gmt":"2018-03-13T08:00:38","guid":{"rendered":"https:\/\/xenum.com\/?p=6032"},"modified":"2018-03-13T09:34:37","modified_gmt":"2018-03-13T09:34:37","slug":"xenum-patrocina-vgl-racing","status":"publish","type":"post","link":"https:\/\/xenum.com\/es\/xenum-patrocina-vgl-racing\/","title":{"rendered":"Xenum patrocina al equipo de competici\u00f3n VGL Racing"},"content":{"rendered":"<p>Estamos orgullosos de anunciar que en este 2018 seremos patrocinadores del equipo VGL Racing Team en la competici\u00f3n de resistencia <a href=\"http:\/\/www.belcarendurance.be\/\" rel=\"nofollow noopener\">Belcar<\/a>.<\/p>\n<p><img decoding=\"async\" class=\"alignnone wp-image-6027\" src=\"https:\/\/xenum.com\/wp-content\/uploads\/2018\/03\/VGL-Racing-Belcar-Series-Xenum-Racing-700x315.png\" alt=\"VGL Racing Belcar Series Xenum Racing\" width=\"720\" height=\"324\" srcset=\"https:\/\/xenum.com\/wp-content\/uploads\/2018\/03\/VGL-Racing-Belcar-Series-Xenum-Racing-700x315.png 700w, https:\/\/xenum.com\/wp-content\/uploads\/2018\/03\/VGL-Racing-Belcar-Series-Xenum-Racing-250x113.png 250w, https:\/\/xenum.com\/wp-content\/uploads\/2018\/03\/VGL-Racing-Belcar-Series-Xenum-Racing-768x346.png 768w, https:\/\/xenum.com\/wp-content\/uploads\/2018\/03\/VGL-Racing-Belcar-Series-Xenum-Racing-120x54.png 120w, https:\/\/xenum.com\/wp-content\/uploads\/2018\/03\/VGL-Racing-Belcar-Series-Xenum-Racing.png 780w\" sizes=\"(max-width: 720px) 100vw, 720px\" \/><\/p>\n<h2><strong>El equipo<\/strong><\/h2>\n<p><a href=\"http:\/\/vgl-racing.be\/\" rel=\"nofollow noopener\">VGL Racing<\/a>\u00a0es un equipo de competici\u00f3n semiprofesional que comenz\u00f3 en 2014 de manera muy prometedora, llegando al segundo puesto en su primera participaci\u00f3n en las <a href=\"http:\/\/www.circuit-zolder.be\/en\" rel=\"nofollow noopener\">24 Horas de Zolder<\/a>.<\/p>\n<p>Adem\u00e1s de su puesto indiscutible en la Belcar Endurance, el equipo de Patrick Lefevre y Bert Van Gansen tambi\u00e9n disputa regularmente las carreras del <a href=\"http:\/\/www.supercarchallenge.nl\/\" rel=\"nofollow noopener\">Supercar Challenge<\/a>.<\/p>\n<p>Gracias a esta experiencia adquirida, el objetivo de este equipo de Amberes en 2018 est\u00e1 claro: la victoria en Belcar3.<\/p>\n<p>Y para ello contar\u00e1n con la ayuda de Britney, el Saker Rapx del equipo:<\/p>\n<p><img decoding=\"async\" class=\"alignnone wp-image-6028\" src=\"https:\/\/xenum.com\/wp-content\/uploads\/2018\/03\/Britney-Saker-Rapx-VGL-Racing-Belcar-Series-Xenum-Racing-700x247.png\" alt=\"Britney Saker Rapx - VGL Racing Belcar Series Xenum Racing\" width=\"720\" height=\"254\" srcset=\"https:\/\/xenum.com\/wp-content\/uploads\/2018\/03\/Britney-Saker-Rapx-VGL-Racing-Belcar-Series-Xenum-Racing.png 700w, https:\/\/xenum.com\/wp-content\/uploads\/2018\/03\/Britney-Saker-Rapx-VGL-Racing-Belcar-Series-Xenum-Racing-250x88.png 250w, https:\/\/xenum.com\/wp-content\/uploads\/2018\/03\/Britney-Saker-Rapx-VGL-Racing-Belcar-Series-Xenum-Racing-120x42.png 120w\" sizes=\"(max-width: 720px) 100vw, 720px\" \/><\/p>\n<p>Puedes ver m\u00e1s fotos suyas en nuestras redes sociales. Y, si te gusta tanto como a nosotros, \u00a1<a href=\"https:\/\/vgl-racing.be\/product\/lego-saker-rapx-2-0-pre-order\/\" rel=\"nofollow noopener\">hay una versi\u00f3n LEGO\u00ae en su web<\/a>!<\/p>\n<h2><strong>Calendario<\/strong><\/h2>\n<p>Por \u00faltimo, este ser\u00e1 el calendario de la Belcar:<\/p>\n<ul>\n<li>7-8 Abril: Zolder 125\u00b4- New Race Festival (met Blancpain GT Series)<\/li>\n<li>2-3 Junio:- Spa 180\u00b4- Spa Euro Race<\/li>\n<li>30 Junio - 1 Julio: Zolder 180\u00b4Zolder Superprix<\/li>\n<li>9-12 Agosto: Zolder \u2013 24 Hours of Zolder<\/li>\n<li>29-30 Septiembre: Spa 180\u00b4- Racing Festival<\/li>\n<li>20-21 Octubre: Zolder 120\u00b4- American Festival (met NWES)<\/li>\n<\/ul>\n<p>Nosotros ya estamos listos para la primera carrera en Zolder. \u00a1Te esperamos all\u00ed!<\/p>\n","protected":false},"excerpt":{"rendered":"<p>Estamos orgullosos de anunciar que en este 2018 seremos patrocinadores del equipo VGL Racing Team en la competici\u00f3n de resistencia Belcar. El equipo VGL Racing\u00a0es un equipo de competici\u00f3n semiprofesional que comenz\u00f3 en 2014 de manera muy prometedora, llegando al segundo puesto en su primera participaci\u00f3n en las 24 Horas de Zolder. Adem\u00e1s de su [&hellip;]<\/p>\n","protected":false},"author":1,"featured_media":6049,"comment_status":"open","ping_status":"open","sticky":false,"template":"","format":"standard","meta":{"_acf_changed":false,"inline_featured_image":false,"footnotes":""},"categories":[433],"tags":[],"class_list":["post-6032","post","type-post","status-publish","format-standard","has-post-thumbnail","hentry","category-velocidad"],"acf":[],"_links":{"self":[{"href":"https:\/\/xenum.com\/es\/wp-json\/wp\/v2\/posts\/6032","targetHints":{"allow":["GET"]}}],"collection":[{"href":"https:\/\/xenum.com\/es\/wp-json\/wp\/v2\/posts"}],"about":[{"href":"https:\/\/xenum.com\/es\/wp-json\/wp\/v2\/types\/post"}],"author":[{"embeddable":true,"href":"https:\/\/xenum.com\/es\/wp-json\/wp\/v2\/users\/1"}],"replies":[{"embeddable":true,"href":"https:\/\/xenum.com\/es\/wp-json\/wp\/v2\/comments?post=6032"}],"version-history":[{"count":3,"href":"https:\/\/xenum.com\/es\/wp-json\/wp\/v2\/posts\/6032\/revisions"}],"predecessor-version":[{"id":6495,"href":"https:\/\/xenum.com\/es\/wp-json\/wp\/v2\/posts\/6032\/revisions\/6495"}],"wp:featuredmedia":[{"embeddable":true,"href":"https:\/\/xenum.com\/es\/wp-json\/wp\/v2\/media\/6049"}],"wp:attachment":[{"href":"https:\/\/xenum.com\/es\/wp-json\/wp\/v2\/media?parent=6032"}],"wp:term":[{"taxonomy":"category","embeddable":true,"href":"https:\/\/xenum.com\/es\/wp-json\/wp\/v2\/categories?post=6032"},{"taxonomy":"post_tag","embeddable":true,"href":"https:\/\/xenum.com\/es\/wp-json\/wp\/v2\/tags?post=6032"}],"curies":[{"name":"wp","href":"https:\/\/api.w.org\/{rel}","templated":true}]}}